{"id":847,"date":"2023-07-13T12:48:00","date_gmt":"2023-07-13T10:48:00","guid":{"rendered":"https:\/\/www.pierwszekroczki.edu.pl\/?p=847"},"modified":"2023-08-29T13:34:36","modified_gmt":"2023-08-29T11:34:36","slug":"our-childcare-center-at-magazynowa-9a","status":"publish","type":"post","link":"https:\/\/www.pierwszekroczki.edu.pl\/en\/our-childcare-center-at-magazynowa-9a\/","title":{"rendered":"Our childcare center at Magazynowa 9a"},"content":{"rendered":"<p><strong>Have you seen Pierwsze Kroczki in Mokot\u00f3w?<\/strong><\/p>\n<p>A spacious location with modern facilities, its own garden, and a convenient location \u2013 that&#8217;s how our childcare center at ul. Magazynowa 9a looks like.<\/p>\n<p>The caregiver team at this location has been expanded to include a native speaker. Every day, the English-speaking caregiver leads activities with the children, introducing them to the world of the English language. Thanks to this, our little ones have the opportunity to learn through play, develop their communication, and acquire valuable language skills from a young age. We understand the importance of mastering the English language in today&#8217;s world, so we ensure that our activities are full of joy and inspiration!<\/p>\n<p>We are pleased to announce that we have renovated the childcare center&#8217;s garden. Now, our little ones can enjoy an even better outdoor play area.<\/p>\n<p>We want our childcare center to be a place where children feel loved, safe, and develop their skills in a friendly and inspiring atmosphere. Our qualified staff takes care of each child, providing them with an individual approach and care tailored to their needs.<\/p>\n<p><strong>We invite all families to visit our childcare center at ul. Magazynowa 9a and see how many interesting opportunities we offer to our little ones. Our doors are always open for you! If you have questions or would like to schedule a visit, please contact us by phone or email<\/strong>.<\/p>\n","protected":false},"excerpt":{"rendered":"<p>Have you seen Pierwsze Kroczki in Mokot\u00f3w? A spacious location with modern facilities, its own garden, and a convenient location [&hellip;]<\/p>\n","protected":false},"author":1,"featured_media":712,"comment_status":"closed","ping_status":"closed","sticky":false,"template":"","format":"standard","meta":{"_acf_changed":false,"footnotes":""},"class_list":["post-847","post","type-post","status-publish","format-standard","has-post-thumbnail","hentry"],"acf":[],"yoast_head":"<!-- This site is optimized with the Yoast SEO plugin v23.7 - https:\/\/yoast.com\/wordpress\/plugins\/seo\/ -->\n<title>Our childcare center at Magazynowa 9a - \u017b\u0142obek - Ochota - Wola - Warszawa - Pierwsze Kroczki<\/title>\n<meta name=\"robots\" content=\"index, follow, max-snippet:-1, max-image-preview:large, max-video-preview:-1\" \/>\n<link rel=\"canonical\" href=\"https:\/\/www.pierwszekroczki.edu.pl\/en\/our-childcare-center-at-magazynowa-9a\/\" \/>\n<meta property=\"og:locale\" content=\"en_US\" \/>\n<meta property=\"og:type\" content=\"article\" \/>\n<meta property=\"og:title\" content=\"Our childcare center at Magazynowa 9a - \u017b\u0142obek - Ochota - Wola - Warszawa - Pierwsze Kroczki\" \/>\n<meta property=\"og:description\" content=\"Have you seen Pierwsze Kroczki in Mokot\u00f3w? A spacious location with modern facilities, its own garden, and a convenient location [&hellip;]\" \/>\n<meta property=\"og:url\" content=\"https:\/\/www.pierwszekroczki.edu.pl\/en\/our-childcare-center-at-magazynowa-9a\/\" \/>\n<meta property=\"og:site_name\" content=\"\u017b\u0142obek - Ochota - Wola - Warszawa - Pierwsze Kroczki\" \/>\n<meta property=\"article:publisher\" content=\"https:\/\/www.facebook.com\/pierwszekroczki\/\" \/>\n<meta property=\"article:published_time\" content=\"2023-07-13T10:48:00+00:00\" \/>\n<meta property=\"article:modified_time\" content=\"2023-08-29T11:34:36+00:00\" \/>\n<meta property=\"og:image\" content=\"https:\/\/www.pierwszekroczki.edu.pl\/wp-content\/uploads\/2023\/07\/magazynowa-3-scaled-1.jpg\" \/>\n\t<meta property=\"og:image:width\" content=\"2560\" \/>\n\t<meta property=\"og:image:height\" content=\"1920\" \/>\n\t<meta property=\"og:image:type\" content=\"image\/jpeg\" \/>\n<meta name=\"author\" content=\"admin\" \/>\n<meta name=\"twitter:card\" content=\"summary_large_image\" \/>\n<meta name=\"twitter:label1\" content=\"Written by\" \/>\n\t<meta name=\"twitter:data1\" content=\"admin\" \/>\n\t<meta name=\"twitter:label2\" content=\"Est. reading time\" \/>\n\t<meta name=\"twitter:data2\" content=\"2 minutes\" \/>\n<script type=\"application\/ld+json\" class=\"yoast-schema-graph\">{\"@context\":\"https:\/\/schema.org\",\"@graph\":[{\"@type\":\"Article\",\"@id\":\"https:\/\/www.pierwszekroczki.edu.pl\/en\/our-childcare-center-at-magazynowa-9a\/#article\",\"isPartOf\":{\"@id\":\"https:\/\/www.pierwszekroczki.edu.pl\/en\/our-childcare-center-at-magazynowa-9a\/\"},\"author\":{\"name\":\"admin\",\"@id\":\"https:\/\/www.pierwszekroczki.edu.pl\/#\/schema\/person\/8301ed83592b2d8820af7f6f60eafd04\"},\"headline\":\"Our childcare center at Magazynowa 9a\",\"datePublished\":\"2023-07-13T10:48:00+00:00\",\"dateModified\":\"2023-08-29T11:34:36+00:00\",\"mainEntityOfPage\":{\"@id\":\"https:\/\/www.pierwszekroczki.edu.pl\/en\/our-childcare-center-at-magazynowa-9a\/\"},\"wordCount\":239,\"publisher\":{\"@id\":\"https:\/\/www.pierwszekroczki.edu.pl\/#organization\"},\"image\":{\"@id\":\"https:\/\/www.pierwszekroczki.edu.pl\/en\/our-childcare-center-at-magazynowa-9a\/#primaryimage\"},\"thumbnailUrl\":\"https:\/\/www.pierwszekroczki.edu.pl\/wp-content\/uploads\/2023\/07\/magazynowa-3-scaled-1.jpg\",\"inLanguage\":\"en-US\"},{\"@type\":\"WebPage\",\"@id\":\"https:\/\/www.pierwszekroczki.edu.pl\/en\/our-childcare-center-at-magazynowa-9a\/\",\"url\":\"https:\/\/www.pierwszekroczki.edu.pl\/en\/our-childcare-center-at-magazynowa-9a\/\",\"name\":\"Our childcare center at Magazynowa 9a - \u017b\u0142obek - Ochota - Wola - Warszawa - Pierwsze Kroczki\",\"isPartOf\":{\"@id\":\"https:\/\/www.pierwszekroczki.edu.pl\/#website\"},\"primaryImageOfPage\":{\"@id\":\"https:\/\/www.pierwszekroczki.edu.pl\/en\/our-childcare-center-at-magazynowa-9a\/#primaryimage\"},\"image\":{\"@id\":\"https:\/\/www.pierwszekroczki.edu.pl\/en\/our-childcare-center-at-magazynowa-9a\/#primaryimage\"},\"thumbnailUrl\":\"https:\/\/www.pierwszekroczki.edu.pl\/wp-content\/uploads\/2023\/07\/magazynowa-3-scaled-1.jpg\",\"datePublished\":\"2023-07-13T10:48:00+00:00\",\"dateModified\":\"2023-08-29T11:34:36+00:00\",\"breadcrumb\":{\"@id\":\"https:\/\/www.pierwszekroczki.edu.pl\/en\/our-childcare-center-at-magazynowa-9a\/#breadcrumb\"},\"inLanguage\":\"en-US\",\"potentialAction\":[{\"@type\":\"ReadAction\",\"target\":[\"https:\/\/www.pierwszekroczki.edu.pl\/en\/our-childcare-center-at-magazynowa-9a\/\"]}]},{\"@type\":\"ImageObject\",\"inLanguage\":\"en-US\",\"@id\":\"https:\/\/www.pierwszekroczki.edu.pl\/en\/our-childcare-center-at-magazynowa-9a\/#primaryimage\",\"url\":\"https:\/\/www.pierwszekroczki.edu.pl\/wp-content\/uploads\/2023\/07\/magazynowa-3-scaled-1.jpg\",\"contentUrl\":\"https:\/\/www.pierwszekroczki.edu.pl\/wp-content\/uploads\/2023\/07\/magazynowa-3-scaled-1.jpg\",\"width\":2560,\"height\":1920},{\"@type\":\"BreadcrumbList\",\"@id\":\"https:\/\/www.pierwszekroczki.edu.pl\/en\/our-childcare-center-at-magazynowa-9a\/#breadcrumb\",\"itemListElement\":[{\"@type\":\"ListItem\",\"position\":1,\"name\":\"Strona g\u0142\u00f3wna\",\"item\":\"https:\/\/www.pierwszekroczki.edu.pl\/en\/\"},{\"@type\":\"ListItem\",\"position\":2,\"name\":\"Our childcare center at Magazynowa 9a\"}]},{\"@type\":\"WebSite\",\"@id\":\"https:\/\/www.pierwszekroczki.edu.pl\/#website\",\"url\":\"https:\/\/www.pierwszekroczki.edu.pl\/\",\"name\":\"\u017b\u0142obek - Ochota - Wola - Warszawa - Pierwsze Kroczki\",\"description\":\"Ca\u0142odzienna opieka \u017c\u0142obkowa dla dzieci od 1 roku do 4 lat na Ochocie i Woli w Warszawie. Atmosfera muzyki i sztuki otacza Maluszki przez ca\u0142y dzie\u0144.\",\"publisher\":{\"@id\":\"https:\/\/www.pierwszekroczki.edu.pl\/#organization\"},\"potentialAction\":[{\"@type\":\"SearchAction\",\"target\":{\"@type\":\"EntryPoint\",\"urlTemplate\":\"https:\/\/www.pierwszekroczki.edu.pl\/?s={search_term_string}\"},\"query-input\":{\"@type\":\"PropertyValueSpecification\",\"valueRequired\":true,\"valueName\":\"search_term_string\"}}],\"inLanguage\":\"en-US\"},{\"@type\":\"Organization\",\"@id\":\"https:\/\/www.pierwszekroczki.edu.pl\/#organization\",\"name\":\"Pierwsze Kroczki\",\"url\":\"https:\/\/www.pierwszekroczki.edu.pl\/\",\"logo\":{\"@type\":\"ImageObject\",\"inLanguage\":\"en-US\",\"@id\":\"https:\/\/www.pierwszekroczki.edu.pl\/#\/schema\/logo\/image\/\",\"url\":\"https:\/\/www.pierwszekroczki.edu.pl\/wp-content\/uploads\/2023\/03\/favicon.png\",\"contentUrl\":\"https:\/\/www.pierwszekroczki.edu.pl\/wp-content\/uploads\/2023\/03\/favicon.png\",\"width\":92,\"height\":92,\"caption\":\"Pierwsze Kroczki\"},\"image\":{\"@id\":\"https:\/\/www.pierwszekroczki.edu.pl\/#\/schema\/logo\/image\/\"},\"sameAs\":[\"https:\/\/www.facebook.com\/pierwszekroczki\/\"]},{\"@type\":\"Person\",\"@id\":\"https:\/\/www.pierwszekroczki.edu.pl\/#\/schema\/person\/8301ed83592b2d8820af7f6f60eafd04\",\"name\":\"admin\",\"image\":{\"@type\":\"ImageObject\",\"inLanguage\":\"en-US\",\"@id\":\"https:\/\/www.pierwszekroczki.edu.pl\/#\/schema\/person\/image\/\",\"url\":\"https:\/\/secure.gravatar.com\/avatar\/ec501b37f49fb3af3696eb275fe4d3c882010cd6acc52c7c47372b3bd6b5b15a?s=96&d=mm&r=g\",\"contentUrl\":\"https:\/\/secure.gravatar.com\/avatar\/ec501b37f49fb3af3696eb275fe4d3c882010cd6acc52c7c47372b3bd6b5b15a?s=96&d=mm&r=g\",\"caption\":\"admin\"},\"sameAs\":[\"https:\/\/www.pierwszekroczki.edu.pl\"],\"url\":\"https:\/\/www.pierwszekroczki.edu.pl\/en\/author\/admin\/\"}]}<\/script>\n<!-- \/ Yoast SEO plugin. -->","yoast_head_json":{"title":"Our childcare center at Magazynowa 9a - \u017b\u0142obek - Ochota - Wola - Warszawa - Pierwsze Kroczki","robots":{"index":"index","follow":"follow","max-snippet":"max-snippet:-1","max-image-preview":"max-image-preview:large","max-video-preview":"max-video-preview:-1"},"canonical":"https:\/\/www.pierwszekroczki.edu.pl\/en\/our-childcare-center-at-magazynowa-9a\/","og_locale":"en_US","og_type":"article","og_title":"Our childcare center at Magazynowa 9a - \u017b\u0142obek - Ochota - Wola - Warszawa - Pierwsze Kroczki","og_description":"Have you seen Pierwsze Kroczki in Mokot\u00f3w? A spacious location with modern facilities, its own garden, and a convenient location [&hellip;]","og_url":"https:\/\/www.pierwszekroczki.edu.pl\/en\/our-childcare-center-at-magazynowa-9a\/","og_site_name":"\u017b\u0142obek - Ochota - Wola - Warszawa - Pierwsze Kroczki","article_publisher":"https:\/\/www.facebook.com\/pierwszekroczki\/","article_published_time":"2023-07-13T10:48:00+00:00","article_modified_time":"2023-08-29T11:34:36+00:00","og_image":[{"width":2560,"height":1920,"url":"https:\/\/www.pierwszekroczki.edu.pl\/wp-content\/uploads\/2023\/07\/magazynowa-3-scaled-1.jpg","type":"image\/jpeg"}],"author":"admin","twitter_card":"summary_large_image","twitter_misc":{"Written by":"admin","Est. reading time":"2 minutes"},"schema":{"@context":"https:\/\/schema.org","@graph":[{"@type":"Article","@id":"https:\/\/www.pierwszekroczki.edu.pl\/en\/our-childcare-center-at-magazynowa-9a\/#article","isPartOf":{"@id":"https:\/\/www.pierwszekroczki.edu.pl\/en\/our-childcare-center-at-magazynowa-9a\/"},"author":{"name":"admin","@id":"https:\/\/www.pierwszekroczki.edu.pl\/#\/schema\/person\/8301ed83592b2d8820af7f6f60eafd04"},"headline":"Our childcare center at Magazynowa 9a","datePublished":"2023-07-13T10:48:00+00:00","dateModified":"2023-08-29T11:34:36+00:00","mainEntityOfPage":{"@id":"https:\/\/www.pierwszekroczki.edu.pl\/en\/our-childcare-center-at-magazynowa-9a\/"},"wordCount":239,"publisher":{"@id":"https:\/\/www.pierwszekroczki.edu.pl\/#organization"},"image":{"@id":"https:\/\/www.pierwszekroczki.edu.pl\/en\/our-childcare-center-at-magazynowa-9a\/#primaryimage"},"thumbnailUrl":"https:\/\/www.pierwszekroczki.edu.pl\/wp-content\/uploads\/2023\/07\/magazynowa-3-scaled-1.jpg","inLanguage":"en-US"},{"@type":"WebPage","@id":"https:\/\/www.pierwszekroczki.edu.pl\/en\/our-childcare-center-at-magazynowa-9a\/","url":"https:\/\/www.pierwszekroczki.edu.pl\/en\/our-childcare-center-at-magazynowa-9a\/","name":"Our childcare center at Magazynowa 9a - \u017b\u0142obek - Ochota - Wola - Warszawa - Pierwsze Kroczki","isPartOf":{"@id":"https:\/\/www.pierwszekroczki.edu.pl\/#website"},"primaryImageOfPage":{"@id":"https:\/\/www.pierwszekroczki.edu.pl\/en\/our-childcare-center-at-magazynowa-9a\/#primaryimage"},"image":{"@id":"https:\/\/www.pierwszekroczki.edu.pl\/en\/our-childcare-center-at-magazynowa-9a\/#primaryimage"},"thumbnailUrl":"https:\/\/www.pierwszekroczki.edu.pl\/wp-content\/uploads\/2023\/07\/magazynowa-3-scaled-1.jpg","datePublished":"2023-07-13T10:48:00+00:00","dateModified":"2023-08-29T11:34:36+00:00","breadcrumb":{"@id":"https:\/\/www.pierwszekroczki.edu.pl\/en\/our-childcare-center-at-magazynowa-9a\/#breadcrumb"},"inLanguage":"en-US","potentialAction":[{"@type":"ReadAction","target":["https:\/\/www.pierwszekroczki.edu.pl\/en\/our-childcare-center-at-magazynowa-9a\/"]}]},{"@type":"ImageObject","inLanguage":"en-US","@id":"https:\/\/www.pierwszekroczki.edu.pl\/en\/our-childcare-center-at-magazynowa-9a\/#primaryimage","url":"https:\/\/www.pierwszekroczki.edu.pl\/wp-content\/uploads\/2023\/07\/magazynowa-3-scaled-1.jpg","contentUrl":"https:\/\/www.pierwszekroczki.edu.pl\/wp-content\/uploads\/2023\/07\/magazynowa-3-scaled-1.jpg","width":2560,"height":1920},{"@type":"BreadcrumbList","@id":"https:\/\/www.pierwszekroczki.edu.pl\/en\/our-childcare-center-at-magazynowa-9a\/#breadcrumb","itemListElement":[{"@type":"ListItem","position":1,"name":"Strona g\u0142\u00f3wna","item":"https:\/\/www.pierwszekroczki.edu.pl\/en\/"},{"@type":"ListItem","position":2,"name":"Our childcare center at Magazynowa 9a"}]},{"@type":"WebSite","@id":"https:\/\/www.pierwszekroczki.edu.pl\/#website","url":"https:\/\/www.pierwszekroczki.edu.pl\/","name":"\u017b\u0142obek - Ochota - Wola - Warszawa - Pierwsze Kroczki","description":"Ca\u0142odzienna opieka \u017c\u0142obkowa dla dzieci od 1 roku do 4 lat na Ochocie i Woli w Warszawie. Atmosfera muzyki i sztuki otacza Maluszki przez ca\u0142y dzie\u0144.","publisher":{"@id":"https:\/\/www.pierwszekroczki.edu.pl\/#organization"},"potentialAction":[{"@type":"SearchAction","target":{"@type":"EntryPoint","urlTemplate":"https:\/\/www.pierwszekroczki.edu.pl\/?s={search_term_string}"},"query-input":{"@type":"PropertyValueSpecification","valueRequired":true,"valueName":"search_term_string"}}],"inLanguage":"en-US"},{"@type":"Organization","@id":"https:\/\/www.pierwszekroczki.edu.pl\/#organization","name":"Pierwsze Kroczki","url":"https:\/\/www.pierwszekroczki.edu.pl\/","logo":{"@type":"ImageObject","inLanguage":"en-US","@id":"https:\/\/www.pierwszekroczki.edu.pl\/#\/schema\/logo\/image\/","url":"https:\/\/www.pierwszekroczki.edu.pl\/wp-content\/uploads\/2023\/03\/favicon.png","contentUrl":"https:\/\/www.pierwszekroczki.edu.pl\/wp-content\/uploads\/2023\/03\/favicon.png","width":92,"height":92,"caption":"Pierwsze Kroczki"},"image":{"@id":"https:\/\/www.pierwszekroczki.edu.pl\/#\/schema\/logo\/image\/"},"sameAs":["https:\/\/www.facebook.com\/pierwszekroczki\/"]},{"@type":"Person","@id":"https:\/\/www.pierwszekroczki.edu.pl\/#\/schema\/person\/8301ed83592b2d8820af7f6f60eafd04","name":"admin","image":{"@type":"ImageObject","inLanguage":"en-US","@id":"https:\/\/www.pierwszekroczki.edu.pl\/#\/schema\/person\/image\/","url":"https:\/\/secure.gravatar.com\/avatar\/ec501b37f49fb3af3696eb275fe4d3c882010cd6acc52c7c47372b3bd6b5b15a?s=96&d=mm&r=g","contentUrl":"https:\/\/secure.gravatar.com\/avatar\/ec501b37f49fb3af3696eb275fe4d3c882010cd6acc52c7c47372b3bd6b5b15a?s=96&d=mm&r=g","caption":"admin"},"sameAs":["https:\/\/www.pierwszekroczki.edu.pl"],"url":"https:\/\/www.pierwszekroczki.edu.pl\/en\/author\/admin\/"}]}},"_links":{"self":[{"href":"https:\/\/www.pierwszekroczki.edu.pl\/en\/wp-json\/wp\/v2\/posts\/847","targetHints":{"allow":["GET"]}}],"collection":[{"href":"https:\/\/www.pierwszekroczki.edu.pl\/en\/wp-json\/wp\/v2\/posts"}],"about":[{"href":"https:\/\/www.pierwszekroczki.edu.pl\/en\/wp-json\/wp\/v2\/types\/post"}],"author":[{"embeddable":true,"href":"https:\/\/www.pierwszekroczki.edu.pl\/en\/wp-json\/wp\/v2\/users\/1"}],"replies":[{"embeddable":true,"href":"https:\/\/www.pierwszekroczki.edu.pl\/en\/wp-json\/wp\/v2\/comments?post=847"}],"version-history":[{"count":1,"href":"https:\/\/www.pierwszekroczki.edu.pl\/en\/wp-json\/wp\/v2\/posts\/847\/revisions"}],"predecessor-version":[{"id":848,"href":"https:\/\/www.pierwszekroczki.edu.pl\/en\/wp-json\/wp\/v2\/posts\/847\/revisions\/848"}],"wp:featuredmedia":[{"embeddable":true,"href":"https:\/\/www.pierwszekroczki.edu.pl\/en\/wp-json\/wp\/v2\/media\/712"}],"wp:attachment":[{"href":"https:\/\/www.pierwszekroczki.edu.pl\/en\/wp-json\/wp\/v2\/media?parent=847"}],"curies":[{"name":"wp","href":"https:\/\/api.w.org\/{rel}","templated":true}]}}