{"id":827,"date":"2023-04-28T12:38:42","date_gmt":"2023-04-28T10:38:42","guid":{"rendered":"https:\/\/www.pierwszekroczki.edu.pl\/?p=827"},"modified":"2023-08-29T13:30:17","modified_gmt":"2023-08-29T11:30:17","slug":"spring-photo-session","status":"publish","type":"post","link":"https:\/\/www.pierwszekroczki.edu.pl\/en\/spring-photo-session\/","title":{"rendered":"Spring Photo Session"},"content":{"rendered":"<p>To celebrate the start of the new season, we organized a spring photo session in each of our facilities :). The session was conducted in collaboration with Ms. Marianna from S\u0142onecznik Fotografia. Such events provide additional excitement for the children, interaction with the camera, playtime with props, and also serve as wonderful keepsakes for parents for years to come. At First Steps, we make an effort to frequently arrange photo sessions that bring joy to both children and parents!<\/p>\n<p>&nbsp;<\/p>\n<p>&nbsp;<\/p>\n","protected":false},"excerpt":{"rendered":"<p>To celebrate the start of the new season, we organized a spring photo session in each of our facilities :). [&hellip;]<\/p>\n","protected":false},"author":1,"featured_media":674,"comment_status":"open","ping_status":"open","sticky":false,"template":"","format":"standard","meta":{"_acf_changed":false,"footnotes":""},"class_list":["post-827","post","type-post","status-publish","format-standard","has-post-thumbnail","hentry"],"acf":[],"yoast_head":"<!-- This site is optimized with the Yoast SEO plugin v23.7 - https:\/\/yoast.com\/wordpress\/plugins\/seo\/ -->\n<title>Spring Photo Session - \u017b\u0142obek - Ochota - Wola - Warszawa - Pierwsze Kroczki<\/title>\n<meta name=\"robots\" content=\"index, follow, max-snippet:-1, max-image-preview:large, max-video-preview:-1\" \/>\n<link rel=\"canonical\" href=\"https:\/\/www.pierwszekroczki.edu.pl\/en\/spring-photo-session\/\" \/>\n<meta property=\"og:locale\" content=\"en_US\" \/>\n<meta property=\"og:type\" content=\"article\" \/>\n<meta property=\"og:title\" content=\"Spring Photo Session - \u017b\u0142obek - Ochota - Wola - Warszawa - Pierwsze Kroczki\" \/>\n<meta property=\"og:description\" content=\"To celebrate the start of the new season, we organized a spring photo session in each of our facilities :). [&hellip;]\" \/>\n<meta property=\"og:url\" content=\"https:\/\/www.pierwszekroczki.edu.pl\/en\/spring-photo-session\/\" \/>\n<meta property=\"og:site_name\" content=\"\u017b\u0142obek - Ochota - Wola - Warszawa - Pierwsze Kroczki\" \/>\n<meta property=\"article:publisher\" content=\"https:\/\/www.facebook.com\/pierwszekroczki\/\" \/>\n<meta property=\"article:published_time\" content=\"2023-04-28T10:38:42+00:00\" \/>\n<meta property=\"article:modified_time\" content=\"2023-08-29T11:30:17+00:00\" \/>\n<meta property=\"og:image\" content=\"https:\/\/www.pierwszekroczki.edu.pl\/wp-content\/uploads\/2023\/04\/338323500_526282872787975_1607183430327766898_n.jpg\" \/>\n\t<meta property=\"og:image:width\" content=\"1536\" \/>\n\t<meta property=\"og:image:height\" content=\"2048\" \/>\n\t<meta property=\"og:image:type\" content=\"image\/jpeg\" \/>\n<meta name=\"author\" content=\"admin\" \/>\n<meta name=\"twitter:card\" content=\"summary_large_image\" \/>\n<meta name=\"twitter:label1\" content=\"Written by\" \/>\n\t<meta name=\"twitter:data1\" content=\"admin\" \/>\n\t<meta name=\"twitter:label2\" content=\"Est. reading time\" \/>\n\t<meta name=\"twitter:data2\" content=\"1 minute\" \/>\n<script type=\"application\/ld+json\" class=\"yoast-schema-graph\">{\"@context\":\"https:\/\/schema.org\",\"@graph\":[{\"@type\":\"Article\",\"@id\":\"https:\/\/www.pierwszekroczki.edu.pl\/en\/spring-photo-session\/#article\",\"isPartOf\":{\"@id\":\"https:\/\/www.pierwszekroczki.edu.pl\/en\/spring-photo-session\/\"},\"author\":{\"name\":\"admin\",\"@id\":\"https:\/\/www.pierwszekroczki.edu.pl\/#\/schema\/person\/8301ed83592b2d8820af7f6f60eafd04\"},\"headline\":\"Spring Photo Session\",\"datePublished\":\"2023-04-28T10:38:42+00:00\",\"dateModified\":\"2023-08-29T11:30:17+00:00\",\"mainEntityOfPage\":{\"@id\":\"https:\/\/www.pierwszekroczki.edu.pl\/en\/spring-photo-session\/\"},\"wordCount\":84,\"commentCount\":0,\"publisher\":{\"@id\":\"https:\/\/www.pierwszekroczki.edu.pl\/#organization\"},\"image\":{\"@id\":\"https:\/\/www.pierwszekroczki.edu.pl\/en\/spring-photo-session\/#primaryimage\"},\"thumbnailUrl\":\"https:\/\/www.pierwszekroczki.edu.pl\/wp-content\/uploads\/2023\/04\/338323500_526282872787975_1607183430327766898_n.jpg\",\"inLanguage\":\"en-US\",\"potentialAction\":[{\"@type\":\"CommentAction\",\"name\":\"Comment\",\"target\":[\"https:\/\/www.pierwszekroczki.edu.pl\/en\/spring-photo-session\/#respond\"]}]},{\"@type\":\"WebPage\",\"@id\":\"https:\/\/www.pierwszekroczki.edu.pl\/en\/spring-photo-session\/\",\"url\":\"https:\/\/www.pierwszekroczki.edu.pl\/en\/spring-photo-session\/\",\"name\":\"Spring Photo Session - \u017b\u0142obek - Ochota - Wola - Warszawa - Pierwsze Kroczki\",\"isPartOf\":{\"@id\":\"https:\/\/www.pierwszekroczki.edu.pl\/#website\"},\"primaryImageOfPage\":{\"@id\":\"https:\/\/www.pierwszekroczki.edu.pl\/en\/spring-photo-session\/#primaryimage\"},\"image\":{\"@id\":\"https:\/\/www.pierwszekroczki.edu.pl\/en\/spring-photo-session\/#primaryimage\"},\"thumbnailUrl\":\"https:\/\/www.pierwszekroczki.edu.pl\/wp-content\/uploads\/2023\/04\/338323500_526282872787975_1607183430327766898_n.jpg\",\"datePublished\":\"2023-04-28T10:38:42+00:00\",\"dateModified\":\"2023-08-29T11:30:17+00:00\",\"breadcrumb\":{\"@id\":\"https:\/\/www.pierwszekroczki.edu.pl\/en\/spring-photo-session\/#breadcrumb\"},\"inLanguage\":\"en-US\",\"potentialAction\":[{\"@type\":\"ReadAction\",\"target\":[\"https:\/\/www.pierwszekroczki.edu.pl\/en\/spring-photo-session\/\"]}]},{\"@type\":\"ImageObject\",\"inLanguage\":\"en-US\",\"@id\":\"https:\/\/www.pierwszekroczki.edu.pl\/en\/spring-photo-session\/#primaryimage\",\"url\":\"https:\/\/www.pierwszekroczki.edu.pl\/wp-content\/uploads\/2023\/04\/338323500_526282872787975_1607183430327766898_n.jpg\",\"contentUrl\":\"https:\/\/www.pierwszekroczki.edu.pl\/wp-content\/uploads\/2023\/04\/338323500_526282872787975_1607183430327766898_n.jpg\",\"width\":1536,\"height\":2048},{\"@type\":\"BreadcrumbList\",\"@id\":\"https:\/\/www.pierwszekroczki.edu.pl\/en\/spring-photo-session\/#breadcrumb\",\"itemListElement\":[{\"@type\":\"ListItem\",\"position\":1,\"name\":\"Strona g\u0142\u00f3wna\",\"item\":\"https:\/\/www.pierwszekroczki.edu.pl\/en\/\"},{\"@type\":\"ListItem\",\"position\":2,\"name\":\"Spring Photo Session\"}]},{\"@type\":\"WebSite\",\"@id\":\"https:\/\/www.pierwszekroczki.edu.pl\/#website\",\"url\":\"https:\/\/www.pierwszekroczki.edu.pl\/\",\"name\":\"\u017b\u0142obek - Ochota - Wola - Warszawa - Pierwsze Kroczki\",\"description\":\"Ca\u0142odzienna opieka \u017c\u0142obkowa dla dzieci od 1 roku do 4 lat na Ochocie i Woli w Warszawie. Atmosfera muzyki i sztuki otacza Maluszki przez ca\u0142y dzie\u0144.\",\"publisher\":{\"@id\":\"https:\/\/www.pierwszekroczki.edu.pl\/#organization\"},\"potentialAction\":[{\"@type\":\"SearchAction\",\"target\":{\"@type\":\"EntryPoint\",\"urlTemplate\":\"https:\/\/www.pierwszekroczki.edu.pl\/?s={search_term_string}\"},\"query-input\":{\"@type\":\"PropertyValueSpecification\",\"valueRequired\":true,\"valueName\":\"search_term_string\"}}],\"inLanguage\":\"en-US\"},{\"@type\":\"Organization\",\"@id\":\"https:\/\/www.pierwszekroczki.edu.pl\/#organization\",\"name\":\"Pierwsze Kroczki\",\"url\":\"https:\/\/www.pierwszekroczki.edu.pl\/\",\"logo\":{\"@type\":\"ImageObject\",\"inLanguage\":\"en-US\",\"@id\":\"https:\/\/www.pierwszekroczki.edu.pl\/#\/schema\/logo\/image\/\",\"url\":\"https:\/\/www.pierwszekroczki.edu.pl\/wp-content\/uploads\/2023\/03\/favicon.png\",\"contentUrl\":\"https:\/\/www.pierwszekroczki.edu.pl\/wp-content\/uploads\/2023\/03\/favicon.png\",\"width\":92,\"height\":92,\"caption\":\"Pierwsze Kroczki\"},\"image\":{\"@id\":\"https:\/\/www.pierwszekroczki.edu.pl\/#\/schema\/logo\/image\/\"},\"sameAs\":[\"https:\/\/www.facebook.com\/pierwszekroczki\/\"]},{\"@type\":\"Person\",\"@id\":\"https:\/\/www.pierwszekroczki.edu.pl\/#\/schema\/person\/8301ed83592b2d8820af7f6f60eafd04\",\"name\":\"admin\",\"image\":{\"@type\":\"ImageObject\",\"inLanguage\":\"en-US\",\"@id\":\"https:\/\/www.pierwszekroczki.edu.pl\/#\/schema\/person\/image\/\",\"url\":\"https:\/\/secure.gravatar.com\/avatar\/ec501b37f49fb3af3696eb275fe4d3c882010cd6acc52c7c47372b3bd6b5b15a?s=96&d=mm&r=g\",\"contentUrl\":\"https:\/\/secure.gravatar.com\/avatar\/ec501b37f49fb3af3696eb275fe4d3c882010cd6acc52c7c47372b3bd6b5b15a?s=96&d=mm&r=g\",\"caption\":\"admin\"},\"sameAs\":[\"https:\/\/www.pierwszekroczki.edu.pl\"],\"url\":\"https:\/\/www.pierwszekroczki.edu.pl\/en\/author\/admin\/\"}]}<\/script>\n<!-- \/ Yoast SEO plugin. -->","yoast_head_json":{"title":"Spring Photo Session - \u017b\u0142obek - Ochota - Wola - Warszawa - Pierwsze Kroczki","robots":{"index":"index","follow":"follow","max-snippet":"max-snippet:-1","max-image-preview":"max-image-preview:large","max-video-preview":"max-video-preview:-1"},"canonical":"https:\/\/www.pierwszekroczki.edu.pl\/en\/spring-photo-session\/","og_locale":"en_US","og_type":"article","og_title":"Spring Photo Session - \u017b\u0142obek - Ochota - Wola - Warszawa - Pierwsze Kroczki","og_description":"To celebrate the start of the new season, we organized a spring photo session in each of our facilities :). [&hellip;]","og_url":"https:\/\/www.pierwszekroczki.edu.pl\/en\/spring-photo-session\/","og_site_name":"\u017b\u0142obek - Ochota - Wola - Warszawa - Pierwsze Kroczki","article_publisher":"https:\/\/www.facebook.com\/pierwszekroczki\/","article_published_time":"2023-04-28T10:38:42+00:00","article_modified_time":"2023-08-29T11:30:17+00:00","og_image":[{"width":1536,"height":2048,"url":"https:\/\/www.pierwszekroczki.edu.pl\/wp-content\/uploads\/2023\/04\/338323500_526282872787975_1607183430327766898_n.jpg","type":"image\/jpeg"}],"author":"admin","twitter_card":"summary_large_image","twitter_misc":{"Written by":"admin","Est. reading time":"1 minute"},"schema":{"@context":"https:\/\/schema.org","@graph":[{"@type":"Article","@id":"https:\/\/www.pierwszekroczki.edu.pl\/en\/spring-photo-session\/#article","isPartOf":{"@id":"https:\/\/www.pierwszekroczki.edu.pl\/en\/spring-photo-session\/"},"author":{"name":"admin","@id":"https:\/\/www.pierwszekroczki.edu.pl\/#\/schema\/person\/8301ed83592b2d8820af7f6f60eafd04"},"headline":"Spring Photo Session","datePublished":"2023-04-28T10:38:42+00:00","dateModified":"2023-08-29T11:30:17+00:00","mainEntityOfPage":{"@id":"https:\/\/www.pierwszekroczki.edu.pl\/en\/spring-photo-session\/"},"wordCount":84,"commentCount":0,"publisher":{"@id":"https:\/\/www.pierwszekroczki.edu.pl\/#organization"},"image":{"@id":"https:\/\/www.pierwszekroczki.edu.pl\/en\/spring-photo-session\/#primaryimage"},"thumbnailUrl":"https:\/\/www.pierwszekroczki.edu.pl\/wp-content\/uploads\/2023\/04\/338323500_526282872787975_1607183430327766898_n.jpg","inLanguage":"en-US","potentialAction":[{"@type":"CommentAction","name":"Comment","target":["https:\/\/www.pierwszekroczki.edu.pl\/en\/spring-photo-session\/#respond"]}]},{"@type":"WebPage","@id":"https:\/\/www.pierwszekroczki.edu.pl\/en\/spring-photo-session\/","url":"https:\/\/www.pierwszekroczki.edu.pl\/en\/spring-photo-session\/","name":"Spring Photo Session - \u017b\u0142obek - Ochota - Wola - Warszawa - Pierwsze Kroczki","isPartOf":{"@id":"https:\/\/www.pierwszekroczki.edu.pl\/#website"},"primaryImageOfPage":{"@id":"https:\/\/www.pierwszekroczki.edu.pl\/en\/spring-photo-session\/#primaryimage"},"image":{"@id":"https:\/\/www.pierwszekroczki.edu.pl\/en\/spring-photo-session\/#primaryimage"},"thumbnailUrl":"https:\/\/www.pierwszekroczki.edu.pl\/wp-content\/uploads\/2023\/04\/338323500_526282872787975_1607183430327766898_n.jpg","datePublished":"2023-04-28T10:38:42+00:00","dateModified":"2023-08-29T11:30:17+00:00","breadcrumb":{"@id":"https:\/\/www.pierwszekroczki.edu.pl\/en\/spring-photo-session\/#breadcrumb"},"inLanguage":"en-US","potentialAction":[{"@type":"ReadAction","target":["https:\/\/www.pierwszekroczki.edu.pl\/en\/spring-photo-session\/"]}]},{"@type":"ImageObject","inLanguage":"en-US","@id":"https:\/\/www.pierwszekroczki.edu.pl\/en\/spring-photo-session\/#primaryimage","url":"https:\/\/www.pierwszekroczki.edu.pl\/wp-content\/uploads\/2023\/04\/338323500_526282872787975_1607183430327766898_n.jpg","contentUrl":"https:\/\/www.pierwszekroczki.edu.pl\/wp-content\/uploads\/2023\/04\/338323500_526282872787975_1607183430327766898_n.jpg","width":1536,"height":2048},{"@type":"BreadcrumbList","@id":"https:\/\/www.pierwszekroczki.edu.pl\/en\/spring-photo-session\/#breadcrumb","itemListElement":[{"@type":"ListItem","position":1,"name":"Strona g\u0142\u00f3wna","item":"https:\/\/www.pierwszekroczki.edu.pl\/en\/"},{"@type":"ListItem","position":2,"name":"Spring Photo Session"}]},{"@type":"WebSite","@id":"https:\/\/www.pierwszekroczki.edu.pl\/#website","url":"https:\/\/www.pierwszekroczki.edu.pl\/","name":"\u017b\u0142obek - Ochota - Wola - Warszawa - Pierwsze Kroczki","description":"Ca\u0142odzienna opieka \u017c\u0142obkowa dla dzieci od 1 roku do 4 lat na Ochocie i Woli w Warszawie. Atmosfera muzyki i sztuki otacza Maluszki przez ca\u0142y dzie\u0144.","publisher":{"@id":"https:\/\/www.pierwszekroczki.edu.pl\/#organization"},"potentialAction":[{"@type":"SearchAction","target":{"@type":"EntryPoint","urlTemplate":"https:\/\/www.pierwszekroczki.edu.pl\/?s={search_term_string}"},"query-input":{"@type":"PropertyValueSpecification","valueRequired":true,"valueName":"search_term_string"}}],"inLanguage":"en-US"},{"@type":"Organization","@id":"https:\/\/www.pierwszekroczki.edu.pl\/#organization","name":"Pierwsze Kroczki","url":"https:\/\/www.pierwszekroczki.edu.pl\/","logo":{"@type":"ImageObject","inLanguage":"en-US","@id":"https:\/\/www.pierwszekroczki.edu.pl\/#\/schema\/logo\/image\/","url":"https:\/\/www.pierwszekroczki.edu.pl\/wp-content\/uploads\/2023\/03\/favicon.png","contentUrl":"https:\/\/www.pierwszekroczki.edu.pl\/wp-content\/uploads\/2023\/03\/favicon.png","width":92,"height":92,"caption":"Pierwsze Kroczki"},"image":{"@id":"https:\/\/www.pierwszekroczki.edu.pl\/#\/schema\/logo\/image\/"},"sameAs":["https:\/\/www.facebook.com\/pierwszekroczki\/"]},{"@type":"Person","@id":"https:\/\/www.pierwszekroczki.edu.pl\/#\/schema\/person\/8301ed83592b2d8820af7f6f60eafd04","name":"admin","image":{"@type":"ImageObject","inLanguage":"en-US","@id":"https:\/\/www.pierwszekroczki.edu.pl\/#\/schema\/person\/image\/","url":"https:\/\/secure.gravatar.com\/avatar\/ec501b37f49fb3af3696eb275fe4d3c882010cd6acc52c7c47372b3bd6b5b15a?s=96&d=mm&r=g","contentUrl":"https:\/\/secure.gravatar.com\/avatar\/ec501b37f49fb3af3696eb275fe4d3c882010cd6acc52c7c47372b3bd6b5b15a?s=96&d=mm&r=g","caption":"admin"},"sameAs":["https:\/\/www.pierwszekroczki.edu.pl"],"url":"https:\/\/www.pierwszekroczki.edu.pl\/en\/author\/admin\/"}]}},"_links":{"self":[{"href":"https:\/\/www.pierwszekroczki.edu.pl\/en\/wp-json\/wp\/v2\/posts\/827","targetHints":{"allow":["GET"]}}],"collection":[{"href":"https:\/\/www.pierwszekroczki.edu.pl\/en\/wp-json\/wp\/v2\/posts"}],"about":[{"href":"https:\/\/www.pierwszekroczki.edu.pl\/en\/wp-json\/wp\/v2\/types\/post"}],"author":[{"embeddable":true,"href":"https:\/\/www.pierwszekroczki.edu.pl\/en\/wp-json\/wp\/v2\/users\/1"}],"replies":[{"embeddable":true,"href":"https:\/\/www.pierwszekroczki.edu.pl\/en\/wp-json\/wp\/v2\/comments?post=827"}],"version-history":[{"count":2,"href":"https:\/\/www.pierwszekroczki.edu.pl\/en\/wp-json\/wp\/v2\/posts\/827\/revisions"}],"predecessor-version":[{"id":833,"href":"https:\/\/www.pierwszekroczki.edu.pl\/en\/wp-json\/wp\/v2\/posts\/827\/revisions\/833"}],"wp:featuredmedia":[{"embeddable":true,"href":"https:\/\/www.pierwszekroczki.edu.pl\/en\/wp-json\/wp\/v2\/media\/674"}],"wp:attachment":[{"href":"https:\/\/www.pierwszekroczki.edu.pl\/en\/wp-json\/wp\/v2\/media?parent=827"}],"curies":[{"name":"wp","href":"https:\/\/api.w.org\/{rel}","templated":true}]}}